{"id":11942,"date":"2020-09-21T18:14:16","date_gmt":"2020-09-21T21:14:16","guid":{"rendered":"https:\/\/pinturaseterna.com.ar\/blanco\/?p=11942"},"modified":"2023-05-23T15:44:49","modified_gmt":"2023-05-23T18:44:49","slug":"autorretrato-con-la-oreja-vendada","status":"publish","type":"post","link":"https:\/\/pinturaseterna.com.ar\/blanco\/autorretrato-con-la-oreja-vendada\/","title":{"rendered":"Autorretrato con la oreja vendada"},"content":{"rendered":"\t\t<div data-elementor-type=\"wp-post\" data-elementor-id=\"11942\" class=\"elementor elementor-11942\">\n\t\t\t\t\t\t<section class=\"elementor-section elementor-top-section elementor-element elementor-element-8ed647f elementor-section-boxed elementor-section-height-default elementor-section-height-default\" data-id=\"8ed647f\" data-element_type=\"section\" data-e-type=\"section\">\n\t\t\t\t\t\t<div class=\"elementor-container elementor-column-gap-default\">\n\t\t\t\t\t<div class=\"elementor-column elementor-col-100 elementor-top-column elementor-element elementor-element-a266327\" data-id=\"a266327\" data-element_type=\"column\" data-e-type=\"column\">\n\t\t\t<div class=\"elementor-widget-wrap elementor-element-populated\">\n\t\t\t\t\t\t<div class=\"elementor-element elementor-element-f2338bb elementor-widget elementor-widget-heading\" data-id=\"f2338bb\" data-element_type=\"widget\" data-e-type=\"widget\" data-widget_type=\"heading.default\">\n\t\t\t\t<div class=\"elementor-widget-container\">\n\t\t\t\t\t<h1 class=\"elementor-heading-title elementor-size-default\"><strong>Autorretrato <\/strong><br>con la oreja vendada<\/h1>\t\t\t\t<\/div>\n\t\t\t\t<\/div>\n\t\t\t\t<div class=\"elementor-element elementor-element-690e5e7 elementor-widget elementor-widget-text-editor\" data-id=\"690e5e7\" data-element_type=\"widget\" data-e-type=\"widget\" data-widget_type=\"text-editor.default\">\n\t\t\t\t<div class=\"elementor-widget-container\">\n\t\t\t\t\t\t\t\t\t<p><em>La historia oficial dice que el artista holand\u00e9s <strong>Vincent Van Gogh<\/strong> se lastim\u00f3 a s\u00ed mismo y solo el l\u00f3bulo de la oreja. Sin embargo, hay otras historias acerca de varios detalles del conflicto que dio lugar a esta reconocida obra. <\/em><\/p>\t\t\t\t\t\t\t\t<\/div>\n\t\t\t\t<\/div>\n\t\t\t\t\t<\/div>\n\t\t<\/div>\n\t\t\t\t\t<\/div>\n\t\t<\/section>\n\t\t\t\t<section class=\"elementor-section elementor-top-section elementor-element elementor-element-0ede918 elementor-section-boxed elementor-section-height-default elementor-section-height-default\" data-id=\"0ede918\" data-element_type=\"section\" data-e-type=\"section\" data-settings=\"{&quot;background_background&quot;:&quot;classic&quot;}\">\n\t\t\t\t\t\t<div class=\"elementor-container elementor-column-gap-default\">\n\t\t\t\t\t<div class=\"elementor-column elementor-col-100 elementor-top-column elementor-element elementor-element-bda39a1\" data-id=\"bda39a1\" data-element_type=\"column\" data-e-type=\"column\">\n\t\t\t<div class=\"elementor-widget-wrap elementor-element-populated\">\n\t\t\t\t\t\t<div class=\"elementor-element elementor-element-2e0a4d3 elementor-widget elementor-widget-image\" data-id=\"2e0a4d3\" data-element_type=\"widget\" data-e-type=\"widget\" data-widget_type=\"image.default\">\n\t\t\t\t<div class=\"elementor-widget-container\">\n\t\t\t\t\t\t\t\t\t\t\t\t<figure class=\"wp-caption\">\n\t\t\t\t\t\t\t\t\t\t\t<a href=\"https:\/\/pinturaseterna.com.ar\/blanco\/wp-content\/uploads\/2020\/09\/VanGohg.jpg\" data-elementor-open-lightbox=\"yes\" data-e-action-hash=\"#elementor-action%3Aaction%3Dlightbox%26settings%3DeyJpZCI6MTE5NDQsInVybCI6Imh0dHBzOlwvXC9waW50dXJhc2V0ZXJuYS5jb20uYXJcL2JsYW5jb1wvd3AtY29udGVudFwvdXBsb2Fkc1wvMjAyMFwvMDlcL1ZhbkdvaGcuanBnIn0%3D\">\n\t\t\t\t\t\t\t<img decoding=\"async\" src=\"https:\/\/pinturaseterna.com.ar\/blanco\/wp-content\/uploads\/elementor\/thumbs\/VanGohg-ovsuy6uz7a6dlz75joevgg5xrsefa67rfacx4ehnnk.jpg\" title=\"VanGohg\" alt=\"VanGohg\" loading=\"lazy\" \/>\t\t\t\t\t\t\t\t<\/a>\n\t\t\t\t\t\t\t\t\t\t\t<figcaption class=\"widget-image-caption wp-caption-text\">Autorretrato con la oreja vendada, 1889<\/figcaption>\n\t\t\t\t\t\t\t\t\t\t<\/figure>\n\t\t\t\t\t\t\t\t\t<\/div>\n\t\t\t\t<\/div>\n\t\t\t\t\t<\/div>\n\t\t<\/div>\n\t\t\t\t\t<\/div>\n\t\t<\/section>\n\t\t\t\t<section class=\"elementor-section elementor-top-section elementor-element elementor-element-a58591a elementor-section-boxed elementor-section-height-default elementor-section-height-default\" data-id=\"a58591a\" data-element_type=\"section\" data-e-type=\"section\">\n\t\t\t\t\t\t<div class=\"elementor-container elementor-column-gap-default\">\n\t\t\t\t\t<div class=\"elementor-column elementor-col-100 elementor-top-column elementor-element elementor-element-0102cc7\" data-id=\"0102cc7\" data-element_type=\"column\" data-e-type=\"column\">\n\t\t\t<div class=\"elementor-widget-wrap elementor-element-populated\">\n\t\t\t\t\t\t<div class=\"elementor-element elementor-element-99a1007 elementor-widget elementor-widget-spacer\" data-id=\"99a1007\" data-element_type=\"widget\" data-e-type=\"widget\" data-widget_type=\"spacer.default\">\n\t\t\t\t<div class=\"elementor-widget-container\">\n\t\t\t\t\t\t\t<div class=\"elementor-spacer\">\n\t\t\t<div class=\"elementor-spacer-inner\"><\/div>\n\t\t<\/div>\n\t\t\t\t\t\t<\/div>\n\t\t\t\t<\/div>\n\t\t\t\t<div class=\"elementor-element elementor-element-2d32fd1 elementor-widget elementor-widget-text-editor\" data-id=\"2d32fd1\" data-element_type=\"widget\" data-e-type=\"widget\" data-widget_type=\"text-editor.default\">\n\t\t\t\t<div class=\"elementor-widget-container\">\n\t\t\t\t\t\t\t\t\t<p>El escenario del incidente entre <strong>Vincent Van Gogh y Paul Gauguin<\/strong>, dos amigos pintores que vivieron juntos un tiempo en <strong>Arl\u00e9s<\/strong>, ya no existe.<br \/>Era una <strong>casa amarilla<\/strong> que fue bombardeada durante la Segunda Guerra Mundial en esta ciudad del sur de Francia. Lo que s\u00ed existen son muchas versiones sobre la pelea que ocurri\u00f3 all\u00ed y que concluy\u00f3 con Van Gogh herido.<\/p>\t\t\t\t\t\t\t\t<\/div>\n\t\t\t\t<\/div>\n\t\t\t\t<section class=\"elementor-section elementor-inner-section elementor-element elementor-element-4127c9e elementor-section-boxed elementor-section-height-default elementor-section-height-default\" data-id=\"4127c9e\" data-element_type=\"section\" data-e-type=\"section\" data-settings=\"{&quot;background_background&quot;:&quot;classic&quot;}\">\n\t\t\t\t\t\t<div class=\"elementor-container elementor-column-gap-default\">\n\t\t\t\t\t<div class=\"elementor-column elementor-col-50 elementor-inner-column elementor-element elementor-element-1f5b318\" data-id=\"1f5b318\" data-element_type=\"column\" data-e-type=\"column\">\n\t\t\t<div class=\"elementor-widget-wrap elementor-element-populated\">\n\t\t\t\t\t\t<div class=\"elementor-element elementor-element-13b05c9 elementor-widget elementor-widget-image\" data-id=\"13b05c9\" data-element_type=\"widget\" data-e-type=\"widget\" data-widget_type=\"image.default\">\n\t\t\t\t<div class=\"elementor-widget-container\">\n\t\t\t\t\t\t\t\t\t\t\t\t<figure class=\"wp-caption\">\n\t\t\t\t\t\t\t\t\t\t\t<a href=\"https:\/\/pinturaseterna.com.ar\/blanco\/wp-content\/uploads\/2020\/09\/noche-estrellada-sobre-el-rodano.jpg\" data-elementor-open-lightbox=\"yes\" data-e-action-hash=\"#elementor-action%3Aaction%3Dlightbox%26settings%3DeyJpZCI6MTE5NDgsInVybCI6Imh0dHBzOlwvXC9waW50dXJhc2V0ZXJuYS5jb20uYXJcL2JsYW5jb1wvd3AtY29udGVudFwvdXBsb2Fkc1wvMjAyMFwvMDlcL25vY2hlLWVzdHJlbGxhZGEtc29icmUtZWwtcm9kYW5vLmpwZyJ9\">\n\t\t\t\t\t\t\t<img fetchpriority=\"high\" decoding=\"async\" width=\"720\" height=\"558\" src=\"https:\/\/pinturaseterna.com.ar\/blanco\/wp-content\/uploads\/2020\/09\/noche-estrellada-sobre-el-rodano.jpg\" class=\"attachment-full size-full wp-image-11948\" alt=\"noche-estrellada-sobre-el-rodano\" srcset=\"https:\/\/pinturaseterna.com.ar\/blanco\/wp-content\/uploads\/2020\/09\/noche-estrellada-sobre-el-rodano.jpg 720w, https:\/\/pinturaseterna.com.ar\/blanco\/wp-content\/uploads\/2020\/09\/noche-estrellada-sobre-el-rodano-300x233.jpg 300w, https:\/\/pinturaseterna.com.ar\/blanco\/wp-content\/uploads\/2020\/09\/noche-estrellada-sobre-el-rodano-258x200.jpg 258w, https:\/\/pinturaseterna.com.ar\/blanco\/wp-content\/uploads\/2020\/09\/noche-estrellada-sobre-el-rodano-150x116.jpg 150w\" sizes=\"(max-width: 720px) 100vw, 720px\" \/>\t\t\t\t\t\t\t\t<\/a>\n\t\t\t\t\t\t\t\t\t\t\t<figcaption class=\"widget-image-caption wp-caption-text\">Noche estrellada sobre el R\u00f3dano, 1888<br> Vincent Van Gogh<\/figcaption>\n\t\t\t\t\t\t\t\t\t\t<\/figure>\n\t\t\t\t\t\t\t\t\t<\/div>\n\t\t\t\t<\/div>\n\t\t\t\t\t<\/div>\n\t\t<\/div>\n\t\t\t\t<div class=\"elementor-column elementor-col-50 elementor-inner-column elementor-element elementor-element-95923b3\" data-id=\"95923b3\" data-element_type=\"column\" data-e-type=\"column\">\n\t\t\t<div class=\"elementor-widget-wrap elementor-element-populated\">\n\t\t\t\t\t\t<div class=\"elementor-element elementor-element-16f89f2 elementor-widget elementor-widget-image\" data-id=\"16f89f2\" data-element_type=\"widget\" data-e-type=\"widget\" data-widget_type=\"image.default\">\n\t\t\t\t<div class=\"elementor-widget-container\">\n\t\t\t\t\t\t\t\t\t\t\t\t<figure class=\"wp-caption\">\n\t\t\t\t\t\t\t\t\t\t\t<a href=\"https:\/\/pinturaseterna.com.ar\/blanco\/wp-content\/uploads\/2020\/09\/la-casa-amarilla.jpg\" data-elementor-open-lightbox=\"yes\" data-e-action-hash=\"#elementor-action%3Aaction%3Dlightbox%26settings%3DeyJpZCI6MTE5NDksInVybCI6Imh0dHBzOlwvXC9waW50dXJhc2V0ZXJuYS5jb20uYXJcL2JsYW5jb1wvd3AtY29udGVudFwvdXBsb2Fkc1wvMjAyMFwvMDlcL2xhLWNhc2EtYW1hcmlsbGEuanBnIn0%3D\">\n\t\t\t\t\t\t\t<img decoding=\"async\" width=\"800\" height=\"618\" src=\"https:\/\/pinturaseterna.com.ar\/blanco\/wp-content\/uploads\/2020\/09\/la-casa-amarilla.jpg\" class=\"attachment-full size-full wp-image-11949\" alt=\"la-casa-amarilla\" srcset=\"https:\/\/pinturaseterna.com.ar\/blanco\/wp-content\/uploads\/2020\/09\/la-casa-amarilla.jpg 800w, https:\/\/pinturaseterna.com.ar\/blanco\/wp-content\/uploads\/2020\/09\/la-casa-amarilla-300x232.jpg 300w, https:\/\/pinturaseterna.com.ar\/blanco\/wp-content\/uploads\/2020\/09\/la-casa-amarilla-768x593.jpg 768w, https:\/\/pinturaseterna.com.ar\/blanco\/wp-content\/uploads\/2020\/09\/la-casa-amarilla-259x200.jpg 259w, https:\/\/pinturaseterna.com.ar\/blanco\/wp-content\/uploads\/2020\/09\/la-casa-amarilla-150x116.jpg 150w\" sizes=\"(max-width: 800px) 100vw, 800px\" \/>\t\t\t\t\t\t\t\t<\/a>\n\t\t\t\t\t\t\t\t\t\t\t<figcaption class=\"widget-image-caption wp-caption-text\">La casa amarilla, 1888<br> Vincent Van Gogh<\/figcaption>\n\t\t\t\t\t\t\t\t\t\t<\/figure>\n\t\t\t\t\t\t\t\t\t<\/div>\n\t\t\t\t<\/div>\n\t\t\t\t\t<\/div>\n\t\t<\/div>\n\t\t\t\t\t<\/div>\n\t\t<\/section>\n\t\t\t\t<div class=\"elementor-element elementor-element-6a52e29 elementor-widget elementor-widget-spacer\" data-id=\"6a52e29\" data-element_type=\"widget\" data-e-type=\"widget\" data-widget_type=\"spacer.default\">\n\t\t\t\t<div class=\"elementor-widget-container\">\n\t\t\t\t\t\t\t<div class=\"elementor-spacer\">\n\t\t\t<div class=\"elementor-spacer-inner\"><\/div>\n\t\t<\/div>\n\t\t\t\t\t\t<\/div>\n\t\t\t\t<\/div>\n\t\t\t\t<div class=\"elementor-element elementor-element-9fcb9d6 elementor-widget elementor-widget-text-editor\" data-id=\"9fcb9d6\" data-element_type=\"widget\" data-e-type=\"widget\" data-widget_type=\"text-editor.default\">\n\t\t\t\t<div class=\"elementor-widget-container\">\n\t\t\t\t\t\t\t\t\t<p><strong>Vincent<\/strong> lleg\u00f3 a la regi\u00f3n de Provenza a los 35 a\u00f1os cuando, a pesar de su talento, sus obras eran un absoluto fracaso. De hecho, fue su hermano menor, Theo, un comerciante de arte, quien le dio apoyo emocional y financiero durante mucho tiempo. Van Gogh hab\u00eda llegado desde Par\u00eds con la intenci\u00f3n de conformar una Comunidad de Artistas del Sur en este peque\u00f1o pueblo a orillas del r\u00edo R\u00f3dano. Poco antes hab\u00eda conocido a <strong>Paul Gauguin<\/strong>, as\u00ed que lo invit\u00f3 a instalarse junto a \u00e9l para trabajar y compartir ideas.<\/p><p>Si bien ambos se profesaban mutuo reconocimiento, las diferencias de car\u00e1cter afectaron su convivencia. Van Gogh ten\u00eda problemas de depresi\u00f3n \u2500que se har\u00edan m\u00e1s evidentes despu\u00e9s de perder la oreja\u2500 mientras que Gauguin ten\u00eda una personalidad m\u00e1s firme y extrovertida.<\/p><p>La noche del 23 de diciembre de 1888 los encontr\u00f3 a ambos discutiendo y, seg\u00fan Gauguin, Van Gogh lo amenaz\u00f3 con una navaja para luego cortarse el l\u00f3bulo de la oreja en un rapto de locura. De inmediato y todav\u00eda en shock, el holand\u00e9s envolvi\u00f3 la parte mutilada con un trapo y la llev\u00f3 hasta un burdel, en donde se la entreg\u00f3 a una muchacha amiga de \u00e9l, (dicen) llamada Rachel.<\/p><p>Una carta de otro pintor \u2500Paul Signac\u2500 confirma que fue solo el l\u00f3bulo y no la oreja entera el objetivo de este acto irracional. Sin embargo, existen dudas sobre qui\u00e9n fue el autor del ataque: algunas voces sugieren que fue Gauguin (conocido por el buen manejo de las espadas) quien cort\u00f3 a su amigo. Seg\u00fan esta versi\u00f3n, Van Gogh decidi\u00f3 no inculparlo para evitar que vaya a la c\u00e1rcel.<\/p>\t\t\t\t\t\t\t\t<\/div>\n\t\t\t\t<\/div>\n\t\t\t\t<section class=\"elementor-section elementor-inner-section elementor-element elementor-element-7765a23 elementor-section-boxed elementor-section-height-default elementor-section-height-default\" data-id=\"7765a23\" data-element_type=\"section\" data-e-type=\"section\" data-settings=\"{&quot;background_background&quot;:&quot;classic&quot;}\">\n\t\t\t\t\t\t<div class=\"elementor-container elementor-column-gap-default\">\n\t\t\t\t\t<div class=\"elementor-column elementor-col-50 elementor-inner-column elementor-element elementor-element-353ca92\" data-id=\"353ca92\" data-element_type=\"column\" data-e-type=\"column\">\n\t\t\t<div class=\"elementor-widget-wrap elementor-element-populated\">\n\t\t\t\t\t\t<div class=\"elementor-element elementor-element-db06256 elementor-widget elementor-widget-image\" data-id=\"db06256\" data-element_type=\"widget\" data-e-type=\"widget\" data-widget_type=\"image.default\">\n\t\t\t\t<div class=\"elementor-widget-container\">\n\t\t\t\t\t\t\t\t\t\t\t\t<figure class=\"wp-caption\">\n\t\t\t\t\t\t\t\t\t\t\t<a href=\"https:\/\/pinturaseterna.com.ar\/blanco\/wp-content\/uploads\/2020\/09\/habitacion-en-arles.jpg\" data-elementor-open-lightbox=\"yes\" data-e-action-hash=\"#elementor-action%3Aaction%3Dlightbox%26settings%3DeyJpZCI6MTE5NDYsInVybCI6Imh0dHBzOlwvXC9waW50dXJhc2V0ZXJuYS5jb20uYXJcL2JsYW5jb1wvd3AtY29udGVudFwvdXBsb2Fkc1wvMjAyMFwvMDlcL2hhYml0YWNpb24tZW4tYXJsZXMuanBnIn0%3D\">\n\t\t\t\t\t\t\t<img decoding=\"async\" width=\"914\" height=\"705\" src=\"https:\/\/pinturaseterna.com.ar\/blanco\/wp-content\/uploads\/2020\/09\/habitacion-en-arles.jpg\" class=\"attachment-full size-full wp-image-11946\" alt=\"habitacion-en-arles\" srcset=\"https:\/\/pinturaseterna.com.ar\/blanco\/wp-content\/uploads\/2020\/09\/habitacion-en-arles.jpg 914w, https:\/\/pinturaseterna.com.ar\/blanco\/wp-content\/uploads\/2020\/09\/habitacion-en-arles-300x231.jpg 300w, https:\/\/pinturaseterna.com.ar\/blanco\/wp-content\/uploads\/2020\/09\/habitacion-en-arles-768x592.jpg 768w, https:\/\/pinturaseterna.com.ar\/blanco\/wp-content\/uploads\/2020\/09\/habitacion-en-arles-259x200.jpg 259w, https:\/\/pinturaseterna.com.ar\/blanco\/wp-content\/uploads\/2020\/09\/habitacion-en-arles-150x116.jpg 150w\" sizes=\"(max-width: 914px) 100vw, 914px\" \/>\t\t\t\t\t\t\t\t<\/a>\n\t\t\t\t\t\t\t\t\t\t\t<figcaption class=\"widget-image-caption wp-caption-text\">La habitaci\u00f3n (Arl\u00e9s), 1888<br> Vincent Van Gogh<\/figcaption>\n\t\t\t\t\t\t\t\t\t\t<\/figure>\n\t\t\t\t\t\t\t\t\t<\/div>\n\t\t\t\t<\/div>\n\t\t\t\t\t<\/div>\n\t\t<\/div>\n\t\t\t\t<div class=\"elementor-column elementor-col-50 elementor-inner-column elementor-element elementor-element-fa0a464\" data-id=\"fa0a464\" data-element_type=\"column\" data-e-type=\"column\">\n\t\t\t<div class=\"elementor-widget-wrap elementor-element-populated\">\n\t\t\t\t\t\t<div class=\"elementor-element elementor-element-5ba9c3a elementor-widget elementor-widget-image\" data-id=\"5ba9c3a\" data-element_type=\"widget\" data-e-type=\"widget\" data-widget_type=\"image.default\">\n\t\t\t\t<div class=\"elementor-widget-container\">\n\t\t\t\t\t\t\t\t\t\t\t\t<figure class=\"wp-caption\">\n\t\t\t\t\t\t\t\t\t\t\t<a href=\"https:\/\/pinturaseterna.com.ar\/blanco\/wp-content\/uploads\/2020\/09\/Paul_Gauguin_104-1.jpg\" data-elementor-open-lightbox=\"yes\" data-e-action-hash=\"#elementor-action%3Aaction%3Dlightbox%26settings%3DeyJpZCI6MTE5NDcsInVybCI6Imh0dHBzOlwvXC9waW50dXJhc2V0ZXJuYS5jb20uYXJcL2JsYW5jb1wvd3AtY29udGVudFwvdXBsb2Fkc1wvMjAyMFwvMDlcL1BhdWxfR2F1Z3Vpbl8xMDQtMS5qcGcifQ%3D%3D\">\n\t\t\t\t\t\t\t<img loading=\"lazy\" decoding=\"async\" width=\"1280\" height=\"987\" src=\"https:\/\/pinturaseterna.com.ar\/blanco\/wp-content\/uploads\/2020\/09\/Paul_Gauguin_104-1.jpg\" class=\"attachment-full size-full wp-image-11947\" alt=\"Paul_Gauguin_104-1\" srcset=\"https:\/\/pinturaseterna.com.ar\/blanco\/wp-content\/uploads\/2020\/09\/Paul_Gauguin_104-1.jpg 1280w, https:\/\/pinturaseterna.com.ar\/blanco\/wp-content\/uploads\/2020\/09\/Paul_Gauguin_104-1-300x231.jpg 300w, https:\/\/pinturaseterna.com.ar\/blanco\/wp-content\/uploads\/2020\/09\/Paul_Gauguin_104-1-1024x790.jpg 1024w, https:\/\/pinturaseterna.com.ar\/blanco\/wp-content\/uploads\/2020\/09\/Paul_Gauguin_104-1-768x592.jpg 768w, https:\/\/pinturaseterna.com.ar\/blanco\/wp-content\/uploads\/2020\/09\/Paul_Gauguin_104-1-259x200.jpg 259w, https:\/\/pinturaseterna.com.ar\/blanco\/wp-content\/uploads\/2020\/09\/Paul_Gauguin_104-1-1150x887.jpg 1150w, https:\/\/pinturaseterna.com.ar\/blanco\/wp-content\/uploads\/2020\/09\/Paul_Gauguin_104-1-150x116.jpg 150w\" sizes=\"(max-width: 1280px) 100vw, 1280px\" \/>\t\t\t\t\t\t\t\t<\/a>\n\t\t\t\t\t\t\t\t\t\t\t<figcaption class=\"widget-image-caption wp-caption-text\">Van Gogh pintando girasoles, 1888<br>Paul Gauguin<\/figcaption>\n\t\t\t\t\t\t\t\t\t\t<\/figure>\n\t\t\t\t\t\t\t\t\t<\/div>\n\t\t\t\t<\/div>\n\t\t\t\t\t<\/div>\n\t\t<\/div>\n\t\t\t\t\t<\/div>\n\t\t<\/section>\n\t\t\t\t<div class=\"elementor-element elementor-element-7660b5b elementor-widget elementor-widget-spacer\" data-id=\"7660b5b\" data-element_type=\"widget\" data-e-type=\"widget\" data-widget_type=\"spacer.default\">\n\t\t\t\t<div class=\"elementor-widget-container\">\n\t\t\t\t\t\t\t<div class=\"elementor-spacer\">\n\t\t\t<div class=\"elementor-spacer-inner\"><\/div>\n\t\t<\/div>\n\t\t\t\t\t\t<\/div>\n\t\t\t\t<\/div>\n\t\t\t\t<div class=\"elementor-element elementor-element-32761a6 elementor-widget elementor-widget-text-editor\" data-id=\"32761a6\" data-element_type=\"widget\" data-e-type=\"widget\" data-widget_type=\"text-editor.default\">\n\t\t\t\t<div class=\"elementor-widget-container\">\n\t\t\t\t\t\t\t\t\t<p>La investigadora brit\u00e1nica Bernadette Murphy aporta, adem\u00e1s, otros datos curiosos sobre esta pelea. A pesar del escrito de Signac, la especialista sostiene que Van Gogh perdi\u00f3 la oreja por completo. Y como prueba exhibe un dibujo del doctor que lo atendi\u00f3 en donde se muestra la altura del corte. La investigadora tambi\u00e9n indag\u00f3 en el v\u00ednculo entre el holand\u00e9s y su amiga: asegura que su verdadero nombre era Gaby, trabajaba en la limpieza de burdeles y tiendas, y que hab\u00eda conocido a Van Gogh en Par\u00eds.\u00a0<\/p><p>En cualquier caso, la polic\u00eda encontr\u00f3 a Vincent envuelto en vendas ensangrentadas en su casa, la madrugada de la v\u00edspera de Navidad. Lo llevaron al hospital y all\u00ed pas\u00f3 tres d\u00edas delirando.\u00a0 Poco despu\u00e9s de recibir el alta pint\u00f3 su obra <strong>\u201cAutorretrato con la oreja vendada\u201d<\/strong>, uno de los casi 40 que reflejan su imagen en distintas etapas de su vida.<\/p><p>Con pinceladas cortas y cargadas de \u00f3leo, Van Gogh se retrat\u00f3 vestido con un gab\u00e1n y un gorro abrigado. Su oreja mutilada fue la izquierda, aunque en el lienzo aparece del lado opuesto, lo que permite suponer que lo pint\u00f3 frente a un espejo. Una venda blanca cubre su oreja, mientras que por detr\u00e1s se recorta la imagen de una estampa japonesa, una manera de revelar al espectador la influencia del arte oriental en su pintura. Su rostro dice el resto: serio, de mirada tranquila y algo mustia, se percibe cierta melancol\u00eda.\u00a0<\/p><p>Actualmente, la obra forma parte de la colecci\u00f3n del Instituto de Arte Courtauld y est\u00e1 en exhibici\u00f3n en la Galer\u00eda Somerset House de Londres.<\/p>\t\t\t\t\t\t\t\t<\/div>\n\t\t\t\t<\/div>\n\t\t\t\t\t<\/div>\n\t\t<\/div>\n\t\t\t\t\t<\/div>\n\t\t<\/section>\n\t\t\t\t<\/div>\n\t\t","protected":false},"excerpt":{"rendered":"<p>Historias y detalles de esta reconocida obra. <\/p>\n","protected":false},"author":19,"featured_media":11954,"comment_status":"closed","ping_status":"closed","sticky":false,"template":"","format":"standard","meta":{"footnotes":""},"categories":[117,113],"tags":[],"class_list":["post-11942","post","type-post","status-publish","format-standard","has-post-thumbnail","hentry","category-historias","category-inspiracion"],"_links":{"self":[{"href":"https:\/\/pinturaseterna.com.ar\/blanco\/wp-json\/wp\/v2\/posts\/11942","targetHints":{"allow":["GET"]}}],"collection":[{"href":"https:\/\/pinturaseterna.com.ar\/blanco\/wp-json\/wp\/v2\/posts"}],"about":[{"href":"https:\/\/pinturaseterna.com.ar\/blanco\/wp-json\/wp\/v2\/types\/post"}],"author":[{"embeddable":true,"href":"https:\/\/pinturaseterna.com.ar\/blanco\/wp-json\/wp\/v2\/users\/19"}],"replies":[{"embeddable":true,"href":"https:\/\/pinturaseterna.com.ar\/blanco\/wp-json\/wp\/v2\/comments?post=11942"}],"version-history":[{"count":11,"href":"https:\/\/pinturaseterna.com.ar\/blanco\/wp-json\/wp\/v2\/posts\/11942\/revisions"}],"predecessor-version":[{"id":11960,"href":"https:\/\/pinturaseterna.com.ar\/blanco\/wp-json\/wp\/v2\/posts\/11942\/revisions\/11960"}],"wp:featuredmedia":[{"embeddable":true,"href":"https:\/\/pinturaseterna.com.ar\/blanco\/wp-json\/wp\/v2\/media\/11954"}],"wp:attachment":[{"href":"https:\/\/pinturaseterna.com.ar\/blanco\/wp-json\/wp\/v2\/media?parent=11942"}],"wp:term":[{"taxonomy":"category","embeddable":true,"href":"https:\/\/pinturaseterna.com.ar\/blanco\/wp-json\/wp\/v2\/categories?post=11942"},{"taxonomy":"post_tag","embeddable":true,"href":"https:\/\/pinturaseterna.com.ar\/blanco\/wp-json\/wp\/v2\/tags?post=11942"}],"curies":[{"name":"wp","href":"https:\/\/api.w.org\/{rel}","templated":true}]}}