{"id":10205,"date":"2020-03-06T15:23:28","date_gmt":"2020-03-06T18:23:28","guid":{"rendered":"https:\/\/pinturaseterna.com.ar\/blanco\/?p=10205"},"modified":"2023-05-23T18:13:42","modified_gmt":"2023-05-23T21:13:42","slug":"la-perla-del-atlantico-todo-el-ano","status":"publish","type":"post","link":"https:\/\/pinturaseterna.com.ar\/blanco\/la-perla-del-atlantico-todo-el-ano\/","title":{"rendered":"La perla del Atl\u00e1ntico todo el a\u00f1o"},"content":{"rendered":"\t\t<div data-elementor-type=\"wp-post\" data-elementor-id=\"10205\" class=\"elementor elementor-10205\">\n\t\t\t\t\t\t<section class=\"elementor-section elementor-top-section elementor-element elementor-element-fb361b0 elementor-section-boxed elementor-section-height-default elementor-section-height-default\" data-id=\"fb361b0\" data-element_type=\"section\" data-e-type=\"section\">\n\t\t\t\t\t\t<div class=\"elementor-container elementor-column-gap-default\">\n\t\t\t\t\t<div class=\"elementor-column elementor-col-100 elementor-top-column elementor-element elementor-element-b5ea5d0\" data-id=\"b5ea5d0\" data-element_type=\"column\" data-e-type=\"column\">\n\t\t\t<div class=\"elementor-widget-wrap elementor-element-populated\">\n\t\t\t\t\t\t<div class=\"elementor-element elementor-element-00d9369 elementor-widget elementor-widget-text-editor\" data-id=\"00d9369\" data-element_type=\"widget\" data-e-type=\"widget\" data-widget_type=\"text-editor.default\">\n\t\t\t\t<div class=\"elementor-widget-container\">\n\t\t\t\t\t\t\t\t\t<p>Mar del Plata<\/p>\t\t\t\t\t\t\t\t<\/div>\n\t\t\t\t<\/div>\n\t\t\t\t\t<\/div>\n\t\t<\/div>\n\t\t\t\t\t<\/div>\n\t\t<\/section>\n\t\t\t\t<section class=\"elementor-section elementor-top-section elementor-element elementor-element-9510130 elementor-section-boxed elementor-section-height-default elementor-section-height-default\" data-id=\"9510130\" data-element_type=\"section\" data-e-type=\"section\">\n\t\t\t\t\t\t<div class=\"elementor-container elementor-column-gap-default\">\n\t\t\t\t\t<div class=\"elementor-column elementor-col-100 elementor-top-column elementor-element elementor-element-d0dd25e\" data-id=\"d0dd25e\" data-element_type=\"column\" data-e-type=\"column\">\n\t\t\t<div class=\"elementor-widget-wrap elementor-element-populated\">\n\t\t\t\t\t\t<div class=\"elementor-element elementor-element-64b3164 elementor-widget elementor-widget-heading\" data-id=\"64b3164\" data-element_type=\"widget\" data-e-type=\"widget\" data-widget_type=\"heading.default\">\n\t\t\t\t<div class=\"elementor-widget-container\">\n\t\t\t\t\t<h2 class=\"elementor-heading-title elementor-size-default\">La Perla del Atl\u00e1ntico todo el a\u00f1o<\/h2>\t\t\t\t<\/div>\n\t\t\t\t<\/div>\n\t\t\t\t<div class=\"elementor-element elementor-element-87da26c elementor-widget-divider--view-line_icon elementor-view-default elementor-widget-divider--element-align-center elementor-widget elementor-widget-divider\" data-id=\"87da26c\" data-element_type=\"widget\" data-e-type=\"widget\" data-widget_type=\"divider.default\">\n\t\t\t\t<div class=\"elementor-widget-container\">\n\t\t\t\t\t\t\t<div class=\"elementor-divider\">\n\t\t\t<span class=\"elementor-divider-separator\">\n\t\t\t\t\t\t\t<div class=\"elementor-icon elementor-divider__element\">\n\t\t\t\t\t<i aria-hidden=\"true\" class=\"fas fa-sun\"><\/i><\/div>\n\t\t\t\t\t\t<\/span>\n\t\t<\/div>\n\t\t\t\t\t\t<\/div>\n\t\t\t\t<\/div>\n\t\t\t\t\t<\/div>\n\t\t<\/div>\n\t\t\t\t\t<\/div>\n\t\t<\/section>\n\t\t\t\t<section class=\"elementor-section elementor-top-section elementor-element elementor-element-c204542 elementor-section-boxed elementor-section-height-default elementor-section-height-default\" data-id=\"c204542\" data-element_type=\"section\" data-e-type=\"section\">\n\t\t\t\t\t\t<div class=\"elementor-container elementor-column-gap-default\">\n\t\t\t\t\t<div class=\"elementor-column elementor-col-100 elementor-top-column elementor-element elementor-element-0341277\" data-id=\"0341277\" data-element_type=\"column\" data-e-type=\"column\">\n\t\t\t<div class=\"elementor-widget-wrap elementor-element-populated\">\n\t\t\t\t\t\t<div class=\"elementor-element elementor-element-27dd91e elementor-widget elementor-widget-text-editor\" data-id=\"27dd91e\" data-element_type=\"widget\" data-e-type=\"widget\" data-widget_type=\"text-editor.default\">\n\t\t\t\t<div class=\"elementor-widget-container\">\n\t\t\t\t\t\t\t\t\t<p>Esta ciudad balnearia nos encanta. Tanto, que hace tres a\u00f1os que nos invita a desplegar durante el verano toda nuestra creatividad junto a los residentes y turistas en el <a href=\"https:\/\/www.clarin.com\/espacio-clarin\/\"><strong>ESPACIO CLARIN<\/strong><\/a><strong>. <\/strong>Te invitamos a un recorrido distinto m\u00e1s all\u00e1 de sus 47 km de costa: paisajes agrestes, riqueza art\u00edstica y cultural que vale la pena explorar a trav\u00e9s de sus colores.<\/p>\t\t\t\t\t\t\t\t<\/div>\n\t\t\t\t<\/div>\n\t\t\t\t\t<\/div>\n\t\t<\/div>\n\t\t\t\t\t<\/div>\n\t\t<\/section>\n\t\t\t\t<section class=\"elementor-section elementor-top-section elementor-element elementor-element-8be2489 elementor-section-boxed elementor-section-height-default elementor-section-height-default\" data-id=\"8be2489\" data-element_type=\"section\" data-e-type=\"section\" data-settings=\"{&quot;background_background&quot;:&quot;classic&quot;}\">\n\t\t\t\t\t\t<div class=\"elementor-container elementor-column-gap-default\">\n\t\t\t\t\t<div class=\"elementor-column elementor-col-50 elementor-top-column elementor-element elementor-element-5fc87ce\" data-id=\"5fc87ce\" data-element_type=\"column\" data-e-type=\"column\">\n\t\t\t<div class=\"elementor-widget-wrap elementor-element-populated\">\n\t\t\t\t\t\t<div class=\"elementor-element elementor-element-3762cbd elementor-widget elementor-widget-text-editor\" data-id=\"3762cbd\" data-element_type=\"widget\" data-e-type=\"widget\" data-widget_type=\"text-editor.default\">\n\t\t\t\t<div class=\"elementor-widget-container\">\n\t\t\t\t\t\t\t\t\t<p><strong>Monumento al Lobo Marino<\/strong><\/p>\t\t\t\t\t\t\t\t<\/div>\n\t\t\t\t<\/div>\n\t\t\t\t<div class=\"elementor-element elementor-element-5519487 elementor-widget elementor-widget-image\" data-id=\"5519487\" data-element_type=\"widget\" data-e-type=\"widget\" data-widget_type=\"image.default\">\n\t\t\t\t<div class=\"elementor-widget-container\">\n\t\t\t\t\t\t\t\t\t\t\t\t\t\t\t\t<a href=\"https:\/\/pinturaseterna.com.ar\/blanco\/wp-content\/uploads\/2020\/03\/MDQ_Amanecer.jpg\" data-elementor-open-lightbox=\"yes\" data-e-action-hash=\"#elementor-action%3Aaction%3Dlightbox%26settings%3DeyJpZCI6MTAyMTEsInVybCI6Imh0dHBzOlwvXC9waW50dXJhc2V0ZXJuYS5jb20uYXJcL2JsYW5jb1wvd3AtY29udGVudFwvdXBsb2Fkc1wvMjAyMFwvMDNcL01EUV9BbWFuZWNlci5qcGcifQ%3D%3D\">\n\t\t\t\t\t\t\t<img fetchpriority=\"high\" decoding=\"async\" width=\"960\" height=\"678\" src=\"https:\/\/pinturaseterna.com.ar\/blanco\/wp-content\/uploads\/2020\/03\/MDQ_Amanecer.jpg\" class=\"attachment-full size-full wp-image-10211\" alt=\"MDQ_Amanecer\" srcset=\"https:\/\/pinturaseterna.com.ar\/blanco\/wp-content\/uploads\/2020\/03\/MDQ_Amanecer.jpg 960w, https:\/\/pinturaseterna.com.ar\/blanco\/wp-content\/uploads\/2020\/03\/MDQ_Amanecer-640x452.jpg 640w, https:\/\/pinturaseterna.com.ar\/blanco\/wp-content\/uploads\/2020\/03\/MDQ_Amanecer-300x212.jpg 300w, https:\/\/pinturaseterna.com.ar\/blanco\/wp-content\/uploads\/2020\/03\/MDQ_Amanecer-768x542.jpg 768w, https:\/\/pinturaseterna.com.ar\/blanco\/wp-content\/uploads\/2020\/03\/MDQ_Amanecer-275x194.jpg 275w, https:\/\/pinturaseterna.com.ar\/blanco\/wp-content\/uploads\/2020\/03\/MDQ_Amanecer-150x106.jpg 150w\" sizes=\"(max-width: 960px) 100vw, 960px\" \/>\t\t\t\t\t\t\t\t<\/a>\n\t\t\t\t\t\t\t\t\t\t\t\t\t\t\t<\/div>\n\t\t\t\t<\/div>\n\t\t\t\t<div class=\"elementor-element elementor-element-cd5b739 elementor-widget elementor-widget-text-editor\" data-id=\"cd5b739\" data-element_type=\"widget\" data-e-type=\"widget\" data-widget_type=\"text-editor.default\">\n\t\t\t\t<div class=\"elementor-widget-container\">\n\t\t\t\t\t\t\t\t\t<p><strong><a href=\"https:\/\/pinturaseterna.com.ar\/index\/acrilico-decorativo-premium\/\">Ocre, marr\u00f3n africano y los matices del oro<\/a> <\/strong>protagonizan esta t\u00edpica postal marplatense. La creciente presencia de estos animales en el puerto, atra\u00eddos por el descarte de los barcos pesqueros, gener\u00f3 un conflicto por el que fue v\u00edctima de todo tipo de maltratos. Tal es as\u00ed que, a comienzos de los 80, se cre\u00f3 en la misma zona un \u00e1rea protegida para su preservaci\u00f3n.<\/p>\t\t\t\t\t\t\t\t<\/div>\n\t\t\t\t<\/div>\n\t\t\t\t\t<\/div>\n\t\t<\/div>\n\t\t\t\t<div class=\"elementor-column elementor-col-50 elementor-top-column elementor-element elementor-element-73e86ea\" data-id=\"73e86ea\" data-element_type=\"column\" data-e-type=\"column\">\n\t\t\t<div class=\"elementor-widget-wrap elementor-element-populated\">\n\t\t\t\t\t\t<div class=\"elementor-element elementor-element-8432193 elementor-widget elementor-widget-text-editor\" data-id=\"8432193\" data-element_type=\"widget\" data-e-type=\"widget\" data-widget_type=\"text-editor.default\">\n\t\t\t\t<div class=\"elementor-widget-container\">\n\t\t\t\t\t\t\t\t\t<p><strong>Capital Nacional del Surf<\/strong><\/p>\t\t\t\t\t\t\t\t<\/div>\n\t\t\t\t<\/div>\n\t\t\t\t<div class=\"elementor-element elementor-element-6332852 elementor-widget elementor-widget-image\" data-id=\"6332852\" data-element_type=\"widget\" data-e-type=\"widget\" data-widget_type=\"image.default\">\n\t\t\t\t<div class=\"elementor-widget-container\">\n\t\t\t\t\t\t\t\t\t\t\t\t\t\t\t\t<a href=\"https:\/\/pinturaseterna.com.ar\/blanco\/wp-content\/uploads\/2020\/03\/MDQ_Surf.jpg\" data-elementor-open-lightbox=\"yes\" data-e-action-hash=\"#elementor-action%3Aaction%3Dlightbox%26settings%3DeyJpZCI6MTAyMTIsInVybCI6Imh0dHBzOlwvXC9waW50dXJhc2V0ZXJuYS5jb20uYXJcL2JsYW5jb1wvd3AtY29udGVudFwvdXBsb2Fkc1wvMjAyMFwvMDNcL01EUV9TdXJmLmpwZyJ9\">\n\t\t\t\t\t\t\t<img decoding=\"async\" width=\"744\" height=\"525\" src=\"https:\/\/pinturaseterna.com.ar\/blanco\/wp-content\/uploads\/2020\/03\/MDQ_Surf.jpg\" class=\"attachment-full size-full wp-image-10212\" alt=\"MDQ_Surf\" srcset=\"https:\/\/pinturaseterna.com.ar\/blanco\/wp-content\/uploads\/2020\/03\/MDQ_Surf.jpg 744w, https:\/\/pinturaseterna.com.ar\/blanco\/wp-content\/uploads\/2020\/03\/MDQ_Surf-300x212.jpg 300w, https:\/\/pinturaseterna.com.ar\/blanco\/wp-content\/uploads\/2020\/03\/MDQ_Surf-275x194.jpg 275w, https:\/\/pinturaseterna.com.ar\/blanco\/wp-content\/uploads\/2020\/03\/MDQ_Surf-150x106.jpg 150w\" sizes=\"(max-width: 744px) 100vw, 744px\" \/>\t\t\t\t\t\t\t\t<\/a>\n\t\t\t\t\t\t\t\t\t\t\t\t\t\t\t<\/div>\n\t\t\t\t<\/div>\n\t\t\t\t<div class=\"elementor-element elementor-element-3ce985b elementor-widget elementor-widget-text-editor\" data-id=\"3ce985b\" data-element_type=\"widget\" data-e-type=\"widget\" data-widget_type=\"text-editor.default\">\n\t\t\t\t<div class=\"elementor-widget-container\">\n\t\t\t\t\t\t\t\t\t<p>Las olas marplatenses convocan a deportistas de todo el mundo a correrlas por placer y tambi\u00e9n por desaf\u00edo: en esta ciudad que mira al mar se celebran diversos encuentros, competencias y hasta la World Cup del deporte. Un cielo celeste apagado, con algunas nubes a lo lejos y la arena h\u00fameda pueden fundirse en una gama <strong><a href=\"https:\/\/pinturaseterna.com.ar\/index\/esmalte-acrilico-al-agua\/\">de azules, verdes y \u00a0grises<\/a><\/strong> que no permiten distinguir donde empieza o termina cada uno.<\/p>\t\t\t\t\t\t\t\t<\/div>\n\t\t\t\t<\/div>\n\t\t\t\t\t<\/div>\n\t\t<\/div>\n\t\t\t\t\t<\/div>\n\t\t<\/section>\n\t\t\t\t<section class=\"elementor-section elementor-top-section elementor-element elementor-element-75d3b36 elementor-section-boxed elementor-section-height-default elementor-section-height-default\" data-id=\"75d3b36\" data-element_type=\"section\" data-e-type=\"section\" data-settings=\"{&quot;background_background&quot;:&quot;classic&quot;}\">\n\t\t\t\t\t\t<div class=\"elementor-container elementor-column-gap-default\">\n\t\t\t\t\t<div class=\"elementor-column elementor-col-50 elementor-top-column elementor-element elementor-element-9d05222\" data-id=\"9d05222\" data-element_type=\"column\" data-e-type=\"column\">\n\t\t\t<div class=\"elementor-widget-wrap elementor-element-populated\">\n\t\t\t\t\t\t<div class=\"elementor-element elementor-element-d58ada7 elementor-widget elementor-widget-text-editor\" data-id=\"d58ada7\" data-element_type=\"widget\" data-e-type=\"widget\" data-widget_type=\"text-editor.default\">\n\t\t\t\t<div class=\"elementor-widget-container\">\n\t\t\t\t\t\t\t\t\t<p><strong>Costa<\/strong><\/p>\t\t\t\t\t\t\t\t<\/div>\n\t\t\t\t<\/div>\n\t\t\t\t<div class=\"elementor-element elementor-element-107520b elementor-widget elementor-widget-image\" data-id=\"107520b\" data-element_type=\"widget\" data-e-type=\"widget\" data-widget_type=\"image.default\">\n\t\t\t\t<div class=\"elementor-widget-container\">\n\t\t\t\t\t\t\t\t\t\t\t\t\t\t\t\t<a href=\"https:\/\/pinturaseterna.com.ar\/blanco\/wp-content\/uploads\/2020\/03\/MDQ_Costa.jpg\" data-elementor-open-lightbox=\"yes\" data-e-action-hash=\"#elementor-action%3Aaction%3Dlightbox%26settings%3DeyJpZCI6MTAyMTUsInVybCI6Imh0dHBzOlwvXC9waW50dXJhc2V0ZXJuYS5jb20uYXJcL2JsYW5jb1wvd3AtY29udGVudFwvdXBsb2Fkc1wvMjAyMFwvMDNcL01EUV9Db3N0YS5qcGcifQ%3D%3D\">\n\t\t\t\t\t\t\t<img decoding=\"async\" width=\"908\" height=\"640\" src=\"https:\/\/pinturaseterna.com.ar\/blanco\/wp-content\/uploads\/2020\/03\/MDQ_Costa.jpg\" class=\"attachment-full size-full wp-image-10215\" alt=\"MDQ_Costa\" srcset=\"https:\/\/pinturaseterna.com.ar\/blanco\/wp-content\/uploads\/2020\/03\/MDQ_Costa.jpg 908w, https:\/\/pinturaseterna.com.ar\/blanco\/wp-content\/uploads\/2020\/03\/MDQ_Costa-300x211.jpg 300w, https:\/\/pinturaseterna.com.ar\/blanco\/wp-content\/uploads\/2020\/03\/MDQ_Costa-768x541.jpg 768w, https:\/\/pinturaseterna.com.ar\/blanco\/wp-content\/uploads\/2020\/03\/MDQ_Costa-275x194.jpg 275w, https:\/\/pinturaseterna.com.ar\/blanco\/wp-content\/uploads\/2020\/03\/MDQ_Costa-150x106.jpg 150w\" sizes=\"(max-width: 908px) 100vw, 908px\" \/>\t\t\t\t\t\t\t\t<\/a>\n\t\t\t\t\t\t\t\t\t\t\t\t\t\t\t<\/div>\n\t\t\t\t<\/div>\n\t\t\t\t<div class=\"elementor-element elementor-element-36fc73e elementor-widget elementor-widget-text-editor\" data-id=\"36fc73e\" data-element_type=\"widget\" data-e-type=\"widget\" data-widget_type=\"text-editor.default\">\n\t\t\t\t<div class=\"elementor-widget-container\">\n\t\t\t\t\t\t\t\t\t<p>Su extensi\u00f3n plantea un desaf\u00edo visual para los <a href=\"https:\/\/pinturaseterna.com.ar\/index\/linea-texturas\/\"><strong>amantes de las texturas<\/strong><\/a> gracias a sus diversas topograf\u00edas. Desde la arena levemente rugosa hasta la zona de grandes rocas costeras, superficies que se realzan con la media luz que plantea el alba o el ocaso.<\/p>\t\t\t\t\t\t\t\t<\/div>\n\t\t\t\t<\/div>\n\t\t\t\t\t<\/div>\n\t\t<\/div>\n\t\t\t\t<div class=\"elementor-column elementor-col-50 elementor-top-column elementor-element elementor-element-59e0d4b\" data-id=\"59e0d4b\" data-element_type=\"column\" data-e-type=\"column\">\n\t\t\t<div class=\"elementor-widget-wrap elementor-element-populated\">\n\t\t\t\t\t\t<div class=\"elementor-element elementor-element-743fa75 elementor-widget elementor-widget-text-editor\" data-id=\"743fa75\" data-element_type=\"widget\" data-e-type=\"widget\" data-widget_type=\"text-editor.default\">\n\t\t\t\t<div class=\"elementor-widget-container\">\n\t\t\t\t\t\t\t\t\t<p><strong>Casa del Puente<\/strong><\/p>\t\t\t\t\t\t\t\t<\/div>\n\t\t\t\t<\/div>\n\t\t\t\t<div class=\"elementor-element elementor-element-6bfbae8 elementor-widget elementor-widget-image\" data-id=\"6bfbae8\" data-element_type=\"widget\" data-e-type=\"widget\" data-widget_type=\"image.default\">\n\t\t\t\t<div class=\"elementor-widget-container\">\n\t\t\t\t\t\t\t\t\t\t\t\t\t\t\t\t<a href=\"https:\/\/pinturaseterna.com.ar\/blanco\/wp-content\/uploads\/2020\/03\/MDQ_Puente.jpg\" data-elementor-open-lightbox=\"yes\" data-e-action-hash=\"#elementor-action%3Aaction%3Dlightbox%26settings%3DeyJpZCI6MTAyMTksInVybCI6Imh0dHBzOlwvXC9waW50dXJhc2V0ZXJuYS5jb20uYXJcL2JsYW5jb1wvd3AtY29udGVudFwvdXBsb2Fkc1wvMjAyMFwvMDNcL01EUV9QdWVudGUuanBnIn0%3D\">\n\t\t\t\t\t\t\t<img loading=\"lazy\" decoding=\"async\" width=\"873\" height=\"613\" src=\"https:\/\/pinturaseterna.com.ar\/blanco\/wp-content\/uploads\/2020\/03\/MDQ_Puente.jpg\" class=\"attachment-full size-full wp-image-10219\" alt=\"MDQ_Puente\" srcset=\"https:\/\/pinturaseterna.com.ar\/blanco\/wp-content\/uploads\/2020\/03\/MDQ_Puente.jpg 873w, https:\/\/pinturaseterna.com.ar\/blanco\/wp-content\/uploads\/2020\/03\/MDQ_Puente-300x211.jpg 300w, https:\/\/pinturaseterna.com.ar\/blanco\/wp-content\/uploads\/2020\/03\/MDQ_Puente-768x539.jpg 768w, https:\/\/pinturaseterna.com.ar\/blanco\/wp-content\/uploads\/2020\/03\/MDQ_Puente-275x193.jpg 275w, https:\/\/pinturaseterna.com.ar\/blanco\/wp-content\/uploads\/2020\/03\/MDQ_Puente-150x105.jpg 150w\" sizes=\"(max-width: 873px) 100vw, 873px\" \/>\t\t\t\t\t\t\t\t<\/a>\n\t\t\t\t\t\t\t\t\t\t\t\t\t\t\t<\/div>\n\t\t\t\t<\/div>\n\t\t\t\t<div class=\"elementor-element elementor-element-f81ad3c elementor-widget elementor-widget-text-editor\" data-id=\"f81ad3c\" data-element_type=\"widget\" data-e-type=\"widget\" data-widget_type=\"text-editor.default\">\n\t\t\t\t<div class=\"elementor-widget-container\">\n\t\t\t\t\t\t\t\t\t<p>En medio de un frondoso bosque y sobre el arroyo Las Chacras, es posible visitar esta vivienda de estilo Moderno dise\u00f1ada en los 40 por los arquitectos Amancio Williams y Delfina G\u00e1lvez Bunge. La obra es considerada Monumento Hist\u00f3rico Nacional y es retratada por arquitectos, fot\u00f3grafos y pintores. La clave: <strong><a href=\"https:\/\/pinturaseterna.com.ar\/index\/acrilico-decorativo-premium\/\">el contraste del hormig\u00f3n gris y el verde del entorno<\/a>. <\/strong><\/p>\t\t\t\t\t\t\t\t<\/div>\n\t\t\t\t<\/div>\n\t\t\t\t\t<\/div>\n\t\t<\/div>\n\t\t\t\t\t<\/div>\n\t\t<\/section>\n\t\t\t\t<section class=\"elementor-section elementor-top-section elementor-element elementor-element-f7c2a98 elementor-section-boxed elementor-section-height-default elementor-section-height-default\" data-id=\"f7c2a98\" data-element_type=\"section\" data-e-type=\"section\">\n\t\t\t\t\t\t<div class=\"elementor-container elementor-column-gap-default\">\n\t\t\t\t\t<div class=\"elementor-column elementor-col-100 elementor-top-column elementor-element elementor-element-6fe29e9\" data-id=\"6fe29e9\" data-element_type=\"column\" data-e-type=\"column\">\n\t\t\t<div class=\"elementor-widget-wrap elementor-element-populated\">\n\t\t\t\t\t\t<div class=\"elementor-element elementor-element-e440df7 elementor-widget elementor-widget-text-editor\" data-id=\"e440df7\" data-element_type=\"widget\" data-e-type=\"widget\" data-widget_type=\"text-editor.default\">\n\t\t\t\t<div class=\"elementor-widget-container\">\n\t\t\t\t\t\t\t\t\t<p><strong>Villa Victoria<\/strong><\/p>\t\t\t\t\t\t\t\t<\/div>\n\t\t\t\t<\/div>\n\t\t\t\t<div class=\"elementor-element elementor-element-78649fe elementor-widget elementor-widget-image\" data-id=\"78649fe\" data-element_type=\"widget\" data-e-type=\"widget\" data-widget_type=\"image.default\">\n\t\t\t\t<div class=\"elementor-widget-container\">\n\t\t\t\t\t\t\t\t\t\t\t\t\t\t\t\t<a href=\"https:\/\/pinturaseterna.com.ar\/blanco\/wp-content\/uploads\/2020\/03\/MDQ_Victoria.jpg\" data-elementor-open-lightbox=\"yes\" data-e-action-hash=\"#elementor-action%3Aaction%3Dlightbox%26settings%3DeyJpZCI6MTAyMjMsInVybCI6Imh0dHBzOlwvXC9waW50dXJhc2V0ZXJuYS5jb20uYXJcL2JsYW5jb1wvd3AtY29udGVudFwvdXBsb2Fkc1wvMjAyMFwvMDNcL01EUV9WaWN0b3JpYS5qcGcifQ%3D%3D\">\n\t\t\t\t\t\t\t<img decoding=\"async\" src=\"https:\/\/pinturaseterna.com.ar\/blanco\/wp-content\/uploads\/elementor\/thumbs\/MDQ_Victoria-om4w13el1sr5vxg2xsjlrhr15wd7yx14fpnm1fra88.jpg\" title=\"MDQ_Victoria\" alt=\"MDQ_Victoria\" loading=\"lazy\" \/>\t\t\t\t\t\t\t\t<\/a>\n\t\t\t\t\t\t\t\t\t\t\t\t\t\t\t<\/div>\n\t\t\t\t<\/div>\n\t\t\t\t<div class=\"elementor-element elementor-element-b1a7bc5 elementor-widget elementor-widget-text-editor\" data-id=\"b1a7bc5\" data-element_type=\"widget\" data-e-type=\"widget\" data-widget_type=\"text-editor.default\">\n\t\t\t\t<div class=\"elementor-widget-container\">\n\t\t\t\t\t\t\t\t\t<p>Un cl\u00e1sico de la vida cultural marplatense y un \u00e1mbito propicio para la inspiraci\u00f3n. Esos bancos de plaza, \u00bfacaso no tientan a sentarse y pasarse horas pintando? La casa del barrio Los Troncos construida en 1912,\u00a0 perteneci\u00f3 a la escritora Victoria Ocampo, quien en 1973 la don\u00f3 a la UNESCO. Hoy est\u00e1 bajo la tutela del municipio y funciona como centro cultural. El amarillo claro y el rojo pasi\u00f3n de la carta de <a href=\"https:\/\/pinturaseterna.com.ar\/index\/chalk-paint\/\">Chalk Paint<\/a> son muy similares a los elegidos para sus paredes. Fernanda, lugare\u00f1a y encargada de uno <strong>de los locales del multirubro<\/strong> <strong>Jade Cositas Lindas<\/strong>, comparte que\u00a0 lo que m\u00e1s le atrae del lugar es la posibilidad de ir a tomar el t\u00e9 y el \u201cmisterio\u201d de los muebles de \u00e9poca que alberga.<\/p>\t\t\t\t\t\t\t\t<\/div>\n\t\t\t\t<\/div>\n\t\t\t\t\t<\/div>\n\t\t<\/div>\n\t\t\t\t\t<\/div>\n\t\t<\/section>\n\t\t\t\t<section class=\"elementor-section elementor-top-section elementor-element elementor-element-a91abe5 elementor-section-boxed elementor-section-height-default elementor-section-height-default\" data-id=\"a91abe5\" data-element_type=\"section\" data-e-type=\"section\" data-settings=\"{&quot;background_background&quot;:&quot;classic&quot;}\">\n\t\t\t\t\t\t<div class=\"elementor-container elementor-column-gap-default\">\n\t\t\t\t\t<div class=\"elementor-column elementor-col-50 elementor-top-column elementor-element elementor-element-5bb6fd7\" data-id=\"5bb6fd7\" data-element_type=\"column\" data-e-type=\"column\">\n\t\t\t<div class=\"elementor-widget-wrap elementor-element-populated\">\n\t\t\t\t\t\t<div class=\"elementor-element elementor-element-461a2d6 elementor-widget elementor-widget-text-editor\" data-id=\"461a2d6\" data-element_type=\"widget\" data-e-type=\"widget\" data-widget_type=\"text-editor.default\">\n\t\t\t\t<div class=\"elementor-widget-container\">\n\t\t\t\t\t\t\t\t\t<p><strong>La noche<\/strong><\/p>\t\t\t\t\t\t\t\t<\/div>\n\t\t\t\t<\/div>\n\t\t\t\t<div class=\"elementor-element elementor-element-9a5ab90 elementor-widget elementor-widget-image\" data-id=\"9a5ab90\" data-element_type=\"widget\" data-e-type=\"widget\" data-widget_type=\"image.default\">\n\t\t\t\t<div class=\"elementor-widget-container\">\n\t\t\t\t\t\t\t\t\t\t\t\t\t\t\t\t<a href=\"https:\/\/pinturaseterna.com.ar\/blanco\/wp-content\/uploads\/2020\/03\/MDQ_Noche.jpg\" data-elementor-open-lightbox=\"yes\" data-e-action-hash=\"#elementor-action%3Aaction%3Dlightbox%26settings%3DeyJpZCI6MTAyMjIsInVybCI6Imh0dHBzOlwvXC9waW50dXJhc2V0ZXJuYS5jb20uYXJcL2JsYW5jb1wvd3AtY29udGVudFwvdXBsb2Fkc1wvMjAyMFwvMDNcL01EUV9Ob2NoZS5qcGcifQ%3D%3D\">\n\t\t\t\t\t\t\t<img loading=\"lazy\" decoding=\"async\" width=\"796\" height=\"562\" src=\"https:\/\/pinturaseterna.com.ar\/blanco\/wp-content\/uploads\/2020\/03\/MDQ_Noche.jpg\" class=\"attachment-full size-full wp-image-10222\" alt=\"MDQ_Noche\" srcset=\"https:\/\/pinturaseterna.com.ar\/blanco\/wp-content\/uploads\/2020\/03\/MDQ_Noche.jpg 796w, https:\/\/pinturaseterna.com.ar\/blanco\/wp-content\/uploads\/2020\/03\/MDQ_Noche-300x212.jpg 300w, https:\/\/pinturaseterna.com.ar\/blanco\/wp-content\/uploads\/2020\/03\/MDQ_Noche-768x542.jpg 768w, https:\/\/pinturaseterna.com.ar\/blanco\/wp-content\/uploads\/2020\/03\/MDQ_Noche-275x194.jpg 275w, https:\/\/pinturaseterna.com.ar\/blanco\/wp-content\/uploads\/2020\/03\/MDQ_Noche-150x106.jpg 150w\" sizes=\"(max-width: 796px) 100vw, 796px\" \/>\t\t\t\t\t\t\t\t<\/a>\n\t\t\t\t\t\t\t\t\t\t\t\t\t\t\t<\/div>\n\t\t\t\t<\/div>\n\t\t\t\t<div class=\"elementor-element elementor-element-19dc458 elementor-widget elementor-widget-text-editor\" data-id=\"19dc458\" data-element_type=\"widget\" data-e-type=\"widget\" data-widget_type=\"text-editor.default\">\n\t\t\t\t<div class=\"elementor-widget-container\">\n\t\t\t\t\t\t\t\t\t<p>En medio de un frondoso bosque y sobre el arroyo Las Chacras, es posible visitar esta vivienda de estilo Moderno dise\u00f1ada en los 40 por los arquitectos Amancio Williams y Delfina G\u00e1lvez Bunge. La obra es considerada Monumento Hist\u00f3rico Nacional y es retratada por arquitectos, fot\u00f3grafos y pintores. La clave: <strong><a href=\"https:\/\/pinturaseterna.com.ar\/index\/acrilico-decorativo-premium\/\">el contraste del hormig\u00f3n gris y el verde del entorno<\/a>. <\/strong><\/p>\t\t\t\t\t\t\t\t<\/div>\n\t\t\t\t<\/div>\n\t\t\t\t\t<\/div>\n\t\t<\/div>\n\t\t\t\t<div class=\"elementor-column elementor-col-50 elementor-top-column elementor-element elementor-element-587c7db\" data-id=\"587c7db\" data-element_type=\"column\" data-e-type=\"column\">\n\t\t\t<div class=\"elementor-widget-wrap elementor-element-populated\">\n\t\t\t\t\t\t<div class=\"elementor-element elementor-element-32eed6e elementor-widget elementor-widget-text-editor\" data-id=\"32eed6e\" data-element_type=\"widget\" data-e-type=\"widget\" data-widget_type=\"text-editor.default\">\n\t\t\t\t<div class=\"elementor-widget-container\">\n\t\t\t\t\t\t\t\t\t<p><strong>Laguna de los Padres<\/strong><\/p>\t\t\t\t\t\t\t\t<\/div>\n\t\t\t\t<\/div>\n\t\t\t\t<div class=\"elementor-element elementor-element-e8048f0 elementor-widget elementor-widget-image\" data-id=\"e8048f0\" data-element_type=\"widget\" data-e-type=\"widget\" data-widget_type=\"image.default\">\n\t\t\t\t<div class=\"elementor-widget-container\">\n\t\t\t\t\t\t\t\t\t\t\t\t\t\t\t\t<a href=\"https:\/\/pinturaseterna.com.ar\/blanco\/wp-content\/uploads\/2020\/03\/MDQ_Laguna.jpg\" data-elementor-open-lightbox=\"yes\" data-e-action-hash=\"#elementor-action%3Aaction%3Dlightbox%26settings%3DeyJpZCI6MTAyMjAsInVybCI6Imh0dHBzOlwvXC9waW50dXJhc2V0ZXJuYS5jb20uYXJcL2JsYW5jb1wvd3AtY29udGVudFwvdXBsb2Fkc1wvMjAyMFwvMDNcL01EUV9MYWd1bmEuanBnIn0%3D\">\n\t\t\t\t\t\t\t<img loading=\"lazy\" decoding=\"async\" width=\"896\" height=\"631\" src=\"https:\/\/pinturaseterna.com.ar\/blanco\/wp-content\/uploads\/2020\/03\/MDQ_Laguna.jpg\" class=\"attachment-full size-full wp-image-10220\" alt=\"MDQ_Laguna\" srcset=\"https:\/\/pinturaseterna.com.ar\/blanco\/wp-content\/uploads\/2020\/03\/MDQ_Laguna.jpg 896w, https:\/\/pinturaseterna.com.ar\/blanco\/wp-content\/uploads\/2020\/03\/MDQ_Laguna-300x211.jpg 300w, https:\/\/pinturaseterna.com.ar\/blanco\/wp-content\/uploads\/2020\/03\/MDQ_Laguna-768x541.jpg 768w, https:\/\/pinturaseterna.com.ar\/blanco\/wp-content\/uploads\/2020\/03\/MDQ_Laguna-275x194.jpg 275w, https:\/\/pinturaseterna.com.ar\/blanco\/wp-content\/uploads\/2020\/03\/MDQ_Laguna-150x106.jpg 150w\" sizes=\"(max-width: 896px) 100vw, 896px\" \/>\t\t\t\t\t\t\t\t<\/a>\n\t\t\t\t\t\t\t\t\t\t\t\t\t\t\t<\/div>\n\t\t\t\t<\/div>\n\t\t\t\t<div class=\"elementor-element elementor-element-6f4d916 elementor-widget elementor-widget-text-editor\" data-id=\"6f4d916\" data-element_type=\"widget\" data-e-type=\"widget\" data-widget_type=\"text-editor.default\">\n\t\t\t\t<div class=\"elementor-widget-container\">\n\t\t\t\t\t\t\t\t\t<p>Este parque ubicado a 12 km del centro de la ciudad debe su nombre a los padres jesuitas que se establecieron en la zona a mediados del siglo XVIII. Para los amantes del paisajismo es un lugar ideal que permite registrar la magia de la naturaleza alrededor de espejo de agua: <strong><a href=\"https:\/\/pinturaseterna.com.ar\/index\/acrilico-profesional\/\">vegetaci\u00f3n, reflejos en el agua, luces y sombras, por doquier.<\/a><\/strong><\/p>\t\t\t\t\t\t\t\t<\/div>\n\t\t\t\t<\/div>\n\t\t\t\t\t<\/div>\n\t\t<\/div>\n\t\t\t\t\t<\/div>\n\t\t<\/section>\n\t\t\t\t<section class=\"elementor-section elementor-top-section elementor-element elementor-element-0806ce4 elementor-section-boxed elementor-section-height-default elementor-section-height-default\" data-id=\"0806ce4\" data-element_type=\"section\" data-e-type=\"section\" data-settings=\"{&quot;background_background&quot;:&quot;classic&quot;}\">\n\t\t\t\t\t\t<div class=\"elementor-container elementor-column-gap-default\">\n\t\t\t\t\t<div class=\"elementor-column elementor-col-100 elementor-top-column elementor-element elementor-element-474459c\" data-id=\"474459c\" data-element_type=\"column\" data-e-type=\"column\">\n\t\t\t<div class=\"elementor-widget-wrap elementor-element-populated\">\n\t\t\t\t\t\t<section class=\"elementor-section elementor-inner-section elementor-element elementor-element-04db66f elementor-section-boxed elementor-section-height-default elementor-section-height-default\" data-id=\"04db66f\" data-element_type=\"section\" data-e-type=\"section\">\n\t\t\t\t\t\t<div class=\"elementor-container elementor-column-gap-default\">\n\t\t\t\t\t<div class=\"elementor-column elementor-col-50 elementor-inner-column elementor-element elementor-element-8cb10bf\" data-id=\"8cb10bf\" data-element_type=\"column\" data-e-type=\"column\">\n\t\t\t<div class=\"elementor-widget-wrap elementor-element-populated\">\n\t\t\t\t\t\t<div class=\"elementor-element elementor-element-09a7066 elementor-widget elementor-widget-image\" data-id=\"09a7066\" data-element_type=\"widget\" data-e-type=\"widget\" data-widget_type=\"image.default\">\n\t\t\t\t<div class=\"elementor-widget-container\">\n\t\t\t\t\t\t\t\t\t\t\t\t\t\t\t\t<a href=\"https:\/\/pinturaseterna.com.ar\/blanco\/wp-content\/uploads\/2020\/03\/MDQ_Profes.jpg\" data-elementor-open-lightbox=\"yes\" data-e-action-hash=\"#elementor-action%3Aaction%3Dlightbox%26settings%3DeyJpZCI6MTAyMjksInVybCI6Imh0dHBzOlwvXC9waW50dXJhc2V0ZXJuYS5jb20uYXJcL2JsYW5jb1wvd3AtY29udGVudFwvdXBsb2Fkc1wvMjAyMFwvMDNcL01EUV9Qcm9mZXMuanBnIn0%3D\">\n\t\t\t\t\t\t\t<img loading=\"lazy\" decoding=\"async\" width=\"150\" height=\"150\" src=\"https:\/\/pinturaseterna.com.ar\/blanco\/wp-content\/uploads\/2020\/03\/MDQ_Profes-150x150.jpg\" class=\"attachment-thumbnail size-thumbnail wp-image-10229\" alt=\"MDQ_Profes\" srcset=\"https:\/\/pinturaseterna.com.ar\/blanco\/wp-content\/uploads\/2020\/03\/MDQ_Profes-150x151.jpg 150w, https:\/\/pinturaseterna.com.ar\/blanco\/wp-content\/uploads\/2020\/03\/MDQ_Profes-300x301.jpg 300w, https:\/\/pinturaseterna.com.ar\/blanco\/wp-content\/uploads\/2020\/03\/MDQ_Profes-199x200.jpg 199w, https:\/\/pinturaseterna.com.ar\/blanco\/wp-content\/uploads\/2020\/03\/MDQ_Profes-100x100.jpg 100w, https:\/\/pinturaseterna.com.ar\/blanco\/wp-content\/uploads\/2020\/03\/MDQ_Profes.jpg 502w\" sizes=\"(max-width: 150px) 100vw, 150px\" \/>\t\t\t\t\t\t\t\t<\/a>\n\t\t\t\t\t\t\t\t\t\t\t\t\t\t\t<\/div>\n\t\t\t\t<\/div>\n\t\t\t\t\t<\/div>\n\t\t<\/div>\n\t\t\t\t<div class=\"elementor-column elementor-col-50 elementor-inner-column elementor-element elementor-element-72fbcce\" data-id=\"72fbcce\" data-element_type=\"column\" data-e-type=\"column\">\n\t\t\t<div class=\"elementor-widget-wrap elementor-element-populated\">\n\t\t\t\t\t\t<div class=\"elementor-element elementor-element-a11b682 elementor-widget elementor-widget-heading\" data-id=\"a11b682\" data-element_type=\"widget\" data-e-type=\"widget\" data-widget_type=\"heading.default\">\n\t\t\t\t<div class=\"elementor-widget-container\">\n\t\t\t\t\t<h2 class=\"elementor-heading-title elementor-size-default\">IMPERDIBLES de\u2026<\/h2>\t\t\t\t<\/div>\n\t\t\t\t<\/div>\n\t\t\t\t<div class=\"elementor-element elementor-element-e246823 elementor-widget elementor-widget-text-editor\" data-id=\"e246823\" data-element_type=\"widget\" data-e-type=\"widget\" data-widget_type=\"text-editor.default\">\n\t\t\t\t<div class=\"elementor-widget-container\">\n\t\t\t\t\t\t\t\t\t<p><strong>Fernanda, <\/strong>Jade Cositas Lindas, Librer\u00eda marplatense.<\/p>\t\t\t\t\t\t\t\t<\/div>\n\t\t\t\t<\/div>\n\t\t\t\t<div class=\"elementor-element elementor-element-256f946 elementor-widget elementor-widget-text-editor\" data-id=\"256f946\" data-element_type=\"widget\" data-e-type=\"widget\" data-widget_type=\"text-editor.default\">\n\t\t\t\t<div class=\"elementor-widget-container\">\n\t\t\t\t\t\t\t\t\t<p>Sobre la Peatonal San Mart\u00edn 2665, el multirubro <strong>Jade Cositas Lindas<\/strong> lleva m\u00e1s de 10 a\u00f1os de experiencia acompa\u00f1ando a locales y turistas con una gran variedad de productos para expresar la creatividad.<br \/>Fer, la encargada de este negocio, comparte dos lugares para conocer mejor su ciudad y disfrutar de su arte:<\/p>\t\t\t\t\t\t\t\t<\/div>\n\t\t\t\t<\/div>\n\t\t\t\t\t<\/div>\n\t\t<\/div>\n\t\t\t\t\t<\/div>\n\t\t<\/section>\n\t\t\t\t<div class=\"elementor-element elementor-element-7294400 elementor-widget-divider--view-line_icon elementor-widget-divider--element-align-left elementor-view-default elementor-widget elementor-widget-divider\" data-id=\"7294400\" data-element_type=\"widget\" data-e-type=\"widget\" data-widget_type=\"divider.default\">\n\t\t\t\t<div class=\"elementor-widget-container\">\n\t\t\t\t\t\t\t<div class=\"elementor-divider\">\n\t\t\t<span class=\"elementor-divider-separator\">\n\t\t\t\t\t\t\t<div class=\"elementor-icon elementor-divider__element\">\n\t\t\t\t\t<i aria-hidden=\"true\" class=\"fas fa-sun\"><\/i><\/div>\n\t\t\t\t\t\t<\/span>\n\t\t<\/div>\n\t\t\t\t\t\t<\/div>\n\t\t\t\t<\/div>\n\t\t\t\t<section class=\"elementor-section elementor-inner-section elementor-element elementor-element-9934602 elementor-section-boxed elementor-section-height-default elementor-section-height-default\" data-id=\"9934602\" data-element_type=\"section\" data-e-type=\"section\">\n\t\t\t\t\t\t<div class=\"elementor-container elementor-column-gap-default\">\n\t\t\t\t\t<div class=\"elementor-column elementor-col-50 elementor-inner-column elementor-element elementor-element-09f1445\" data-id=\"09f1445\" data-element_type=\"column\" data-e-type=\"column\">\n\t\t\t<div class=\"elementor-widget-wrap elementor-element-populated\">\n\t\t\t\t\t\t<div class=\"elementor-element elementor-element-21306b3 elementor-widget elementor-widget-text-editor\" data-id=\"21306b3\" data-element_type=\"widget\" data-e-type=\"widget\" data-widget_type=\"text-editor.default\">\n\t\t\t\t<div class=\"elementor-widget-container\">\n\t\t\t\t\t\t\t\t\t<ul><li><strong><a href=\"https:\/\/www.mardelplata.gob.ar\/Contenido\/centro-cultural-osvaldo-soriano-h\">Centro Cultural Osvaldo Soriano:<\/a> <br \/><\/strong>En 25 de Mayo y Catamarca, el complejo re\u00fane salas de exposiciones, de teatro, una biblioteca y un espacio al aire libre donde se realizan distintos eventos culturales. \u201cMe gusta la atenci\u00f3n, sus salas son muy c\u00f3modas y su arquitectura. Adem\u00e1s, la biblioteca es muy completa\u201d, sostiene.<\/li><\/ul>\t\t\t\t\t\t\t\t<\/div>\n\t\t\t\t<\/div>\n\t\t\t\t\t<\/div>\n\t\t<\/div>\n\t\t\t\t<div class=\"elementor-column elementor-col-50 elementor-inner-column elementor-element elementor-element-ba0481d\" data-id=\"ba0481d\" data-element_type=\"column\" data-e-type=\"column\">\n\t\t\t<div class=\"elementor-widget-wrap elementor-element-populated\">\n\t\t\t\t\t\t<div class=\"elementor-element elementor-element-0bc9444 elementor-widget elementor-widget-text-editor\" data-id=\"0bc9444\" data-element_type=\"widget\" data-e-type=\"widget\" data-widget_type=\"text-editor.default\">\n\t\t\t\t<div class=\"elementor-widget-container\">\n\t\t\t\t\t\t\t\t\t<ul><li><a href=\"https:\/\/www.mardelplata.gob.ar\/Contenido\/museo-castagnino-villa-ortiz-basualdo-h\"><strong>Museo municipal de Arte Juan Carlos Castagnino:<\/strong> <\/a><br \/>En Av. Col\u00f3n 1789, en lo que era la casa de la familia Ortiz Basualdo, se aloja un espacio que combina la historia del lugar \u2500una mansi\u00f3n construida con el estilo academicista franc\u00e9s y luego reformada en una l\u00ednea anglo-normanda\u2500 con muestras pict\u00f3ricas.<\/li><\/ul>\t\t\t\t\t\t\t\t<\/div>\n\t\t\t\t<\/div>\n\t\t\t\t\t<\/div>\n\t\t<\/div>\n\t\t\t\t\t<\/div>\n\t\t<\/section>\n\t\t\t\t<div class=\"elementor-element elementor-element-307b4bf elementor-widget-divider--view-line_icon elementor-widget-divider--element-align-right elementor-view-default elementor-widget elementor-widget-divider\" data-id=\"307b4bf\" data-element_type=\"widget\" data-e-type=\"widget\" data-widget_type=\"divider.default\">\n\t\t\t\t<div class=\"elementor-widget-container\">\n\t\t\t\t\t\t\t<div class=\"elementor-divider\">\n\t\t\t<span class=\"elementor-divider-separator\">\n\t\t\t\t\t\t\t<div class=\"elementor-icon elementor-divider__element\">\n\t\t\t\t\t<i aria-hidden=\"true\" class=\"fas fa-sun\"><\/i><\/div>\n\t\t\t\t\t\t<\/span>\n\t\t<\/div>\n\t\t\t\t\t\t<\/div>\n\t\t\t\t<\/div>\n\t\t\t\t<section class=\"elementor-section elementor-inner-section elementor-element elementor-element-692834c elementor-section-boxed elementor-section-height-default elementor-section-height-default\" data-id=\"692834c\" data-element_type=\"section\" data-e-type=\"section\" data-settings=\"{&quot;background_background&quot;:&quot;classic&quot;}\">\n\t\t\t\t\t\t<div class=\"elementor-container elementor-column-gap-default\">\n\t\t\t\t\t<div class=\"elementor-column elementor-col-50 elementor-inner-column elementor-element elementor-element-4c100db\" data-id=\"4c100db\" data-element_type=\"column\" data-e-type=\"column\">\n\t\t\t<div class=\"elementor-widget-wrap elementor-element-populated\">\n\t\t\t\t\t\t<div class=\"elementor-element elementor-element-9ac2eef elementor-position-inline-start elementor-view-default elementor-mobile-position-block-start elementor-widget elementor-widget-icon-box\" data-id=\"9ac2eef\" data-element_type=\"widget\" data-e-type=\"widget\" data-widget_type=\"icon-box.default\">\n\t\t\t\t<div class=\"elementor-widget-container\">\n\t\t\t\t\t\t\t<div class=\"elementor-icon-box-wrapper\">\n\n\t\t\t\t\t\t<div class=\"elementor-icon-box-icon\">\n\t\t\t\t<a href=\"https:\/\/www.instagram.com\/jade.cositaslindas\/\" target=\"_blank\" class=\"elementor-icon\" tabindex=\"-1\" aria-label=\" jade.cositaslindas\">\n\t\t\t\t<i aria-hidden=\"true\" class=\"fab fa-instagram\"><\/i>\t\t\t\t<\/a>\n\t\t\t<\/div>\n\t\t\t\n\t\t\t\t\t\t<div class=\"elementor-icon-box-content\">\n\n\t\t\t\t\t\t\t\t\t<h3 class=\"elementor-icon-box-title\">\n\t\t\t\t\t\t<a href=\"https:\/\/www.instagram.com\/jade.cositaslindas\/\" target=\"_blank\" >\n\t\t\t\t\t\t\t jade.cositaslindas\t\t\t\t\t\t<\/a>\n\t\t\t\t\t<\/h3>\n\t\t\t\t\n\t\t\t\t\n\t\t\t<\/div>\n\t\t\t\n\t\t<\/div>\n\t\t\t\t\t\t<\/div>\n\t\t\t\t<\/div>\n\t\t\t\t\t<\/div>\n\t\t<\/div>\n\t\t\t\t<div class=\"elementor-column elementor-col-50 elementor-inner-column elementor-element elementor-element-a4096e6\" data-id=\"a4096e6\" data-element_type=\"column\" data-e-type=\"column\">\n\t\t\t<div class=\"elementor-widget-wrap elementor-element-populated\">\n\t\t\t\t\t\t<div class=\"elementor-element elementor-element-09f35c7 elementor-position-inline-start elementor-view-default elementor-mobile-position-block-start elementor-widget elementor-widget-icon-box\" data-id=\"09f35c7\" data-element_type=\"widget\" data-e-type=\"widget\" data-widget_type=\"icon-box.default\">\n\t\t\t\t<div class=\"elementor-widget-container\">\n\t\t\t\t\t\t\t<div class=\"elementor-icon-box-wrapper\">\n\n\t\t\t\t\t\t<div class=\"elementor-icon-box-icon\">\n\t\t\t\t<a href=\"https:\/\/www.facebook.com\/CositasLindasJade\/\" target=\"_blank\" class=\"elementor-icon\" tabindex=\"-1\" aria-label=\"CositasLindasJade\">\n\t\t\t\t<i aria-hidden=\"true\" class=\"fab fa-facebook-square\"><\/i>\t\t\t\t<\/a>\n\t\t\t<\/div>\n\t\t\t\n\t\t\t\t\t\t<div class=\"elementor-icon-box-content\">\n\n\t\t\t\t\t\t\t\t\t<h3 class=\"elementor-icon-box-title\">\n\t\t\t\t\t\t<a href=\"https:\/\/www.facebook.com\/CositasLindasJade\/\" target=\"_blank\" >\n\t\t\t\t\t\t\tCositasLindasJade\t\t\t\t\t\t<\/a>\n\t\t\t\t\t<\/h3>\n\t\t\t\t\n\t\t\t\t\n\t\t\t<\/div>\n\t\t\t\n\t\t<\/div>\n\t\t\t\t\t\t<\/div>\n\t\t\t\t<\/div>\n\t\t\t\t\t<\/div>\n\t\t<\/div>\n\t\t\t\t\t<\/div>\n\t\t<\/section>\n\t\t\t\t\t<\/div>\n\t\t<\/div>\n\t\t\t\t\t<\/div>\n\t\t<\/section>\n\t\t\t\t<section class=\"elementor-section elementor-top-section elementor-element elementor-element-9c70704 elementor-section-boxed elementor-section-height-default elementor-section-height-default\" data-id=\"9c70704\" data-element_type=\"section\" data-e-type=\"section\">\n\t\t\t\t\t\t<div class=\"elementor-container elementor-column-gap-default\">\n\t\t\t\t\t<div class=\"elementor-column elementor-col-100 elementor-top-column elementor-element elementor-element-744d845\" data-id=\"744d845\" data-element_type=\"column\" data-e-type=\"column\">\n\t\t\t<div class=\"elementor-widget-wrap elementor-element-populated\">\n\t\t\t\t\t\t<div class=\"elementor-element elementor-element-b10df4b elementor-widget elementor-widget-spacer\" data-id=\"b10df4b\" data-element_type=\"widget\" data-e-type=\"widget\" data-widget_type=\"spacer.default\">\n\t\t\t\t<div class=\"elementor-widget-container\">\n\t\t\t\t\t\t\t<div class=\"elementor-spacer\">\n\t\t\t<div class=\"elementor-spacer-inner\"><\/div>\n\t\t<\/div>\n\t\t\t\t\t\t<\/div>\n\t\t\t\t<\/div>\n\t\t\t\t\t<\/div>\n\t\t<\/div>\n\t\t\t\t\t<\/div>\n\t\t<\/section>\n\t\t\t\t<section class=\"elementor-section elementor-top-section elementor-element elementor-element-bb1c9a2 elementor-section-boxed elementor-section-height-default elementor-section-height-default\" data-id=\"bb1c9a2\" data-element_type=\"section\" data-e-type=\"section\">\n\t\t\t\t\t\t<div class=\"elementor-container elementor-column-gap-default\">\n\t\t\t\t\t<div class=\"elementor-column elementor-col-100 elementor-top-column elementor-element elementor-element-57d1e54\" data-id=\"57d1e54\" data-element_type=\"column\" data-e-type=\"column\">\n\t\t\t<div class=\"elementor-widget-wrap elementor-element-populated\">\n\t\t\t\t\t\t<div class=\"elementor-element elementor-element-c6605d8 elementor-widget elementor-widget-heading\" data-id=\"c6605d8\" data-element_type=\"widget\" data-e-type=\"widget\" data-widget_type=\"heading.default\">\n\t\t\t\t<div class=\"elementor-widget-container\">\n\t\t\t\t\t<h2 class=\"elementor-heading-title elementor-size-default\">Eterna en el Espacio Clar\u00edn<\/h2>\t\t\t\t<\/div>\n\t\t\t\t<\/div>\n\t\t\t\t<div class=\"elementor-element elementor-element-bce188a elementor-grid-eael-col-2 elementor-grid-tablet-eael-col-2 elementor-grid-mobile-eael-col-1 elementor-widget elementor-widget-eael-post-grid\" data-id=\"bce188a\" data-element_type=\"widget\" data-e-type=\"widget\" data-settings=\"{&quot;eael_post_grid_columns&quot;:&quot;eael-col-2&quot;,&quot;eael_post_grid_columns_tablet&quot;:&quot;eael-col-2&quot;,&quot;eael_post_grid_columns_mobile&quot;:&quot;eael-col-1&quot;}\" data-widget_type=\"eael-post-grid.default\">\n\t\t\t\t<div class=\"elementor-widget-container\">\n\t\t\t\t\t<div id=\"eael-post-grid-bce188a\" class=\"eael-post-grid-container\">\n            <div class=\"eael-post-grid eael-post-appender eael-post-appender-bce188a eael-post-grid-style-one\" data-layout-mode=\"masonry\"><article class=\"eael-grid-post  eael-post-grid-column eael-pg-post-10191 category-recursos-vidriera tags-pintura-para-sublimacion\" data-id=\"10191\">\n        <div class=\"eael-grid-post-holder\">\n            <div class=\"eael-grid-post-holder-inner\"><div class=\"eael-entry-media\"><div class=\"eael-entry-overlay fade-in\"><img decoding=\"async\" src=\"https:\/\/pinturaseterna.com.ar\/blanco\/wp-content\/uploads\/2020\/02\/Ico-Color-01-2.svg\" alt=\"Ico-Color-01-2\" \/><a href=\"https:\/\/pinturaseterna.com.ar\/blanco\/sublimacion-en-mdq\/\"><\/a><\/div><div class=\"eael-entry-thumbnail \">\n                <img loading=\"lazy\" decoding=\"async\" width=\"512\" height=\"200\" src=\"https:\/\/pinturaseterna.com.ar\/blanco\/wp-content\/uploads\/2020\/03\/sublimacion15-512x200.jpg\" class=\"attachment-fluida-featured-third size-fluida-featured-third wp-image-10193\" alt=\"sublimacion15\" \/>\n            <\/div>\n        <\/div><div class=\"eael-entry-wrapper\"><header class=\"eael-entry-header\"><h2 class=\"eael-entry-title\"><a class=\"eael-grid-post-link\" href=\"https:\/\/pinturaseterna.com.ar\/blanco\/sublimacion-en-mdq\/\" title=\"Sublimaci\u00f3n en MDQ\">Sublimaci\u00f3n en MDQ<\/a><\/h2><\/header><div class=\"eael-entry-content\">\n                        <div class=\"eael-grid-post-excerpt\"><p>Clase de Sublimaci\u00f3n gratuita en el @EspacioClarin en MDQ.<\/p><\/div>\n                    <\/div><\/div><\/div>\n        <\/div>\n    <\/article><article class=\"eael-grid-post  eael-post-grid-column eael-pg-post-10023 category-recursos-vidriera tags-chalk-paint-texturas\" data-id=\"10023\">\n        <div class=\"eael-grid-post-holder\">\n            <div class=\"eael-grid-post-holder-inner\"><div class=\"eael-entry-media\"><div class=\"eael-entry-overlay fade-in\"><img decoding=\"async\" src=\"https:\/\/pinturaseterna.com.ar\/blanco\/wp-content\/uploads\/2020\/02\/Ico-Color-01-2.svg\" alt=\"Ico-Color-01-2\" \/><a href=\"https:\/\/pinturaseterna.com.ar\/blanco\/chalk-y-granulados-en-mar-del-plata\/\"><\/a><\/div><div class=\"eael-entry-thumbnail \">\n                <img loading=\"lazy\" decoding=\"async\" width=\"512\" height=\"200\" src=\"https:\/\/pinturaseterna.com.ar\/blanco\/wp-content\/uploads\/2020\/02\/vidriera24-01-1-512x200.jpg\" class=\"attachment-fluida-featured-third size-fluida-featured-third wp-image-10026\" alt=\"vidriera24-01-1\" \/>\n            <\/div>\n        <\/div><div class=\"eael-entry-wrapper\"><header class=\"eael-entry-header\"><h2 class=\"eael-entry-title\"><a class=\"eael-grid-post-link\" href=\"https:\/\/pinturaseterna.com.ar\/blanco\/chalk-y-granulados-en-mar-del-plata\/\" title=\"Chalk y Granulados en MDQ\">Chalk y Granulados en MDQ<\/a><\/h2><\/header><div class=\"eael-entry-content\">\n                        <div class=\"eael-grid-post-excerpt\"><p>Taller de Arte gratuito Eterna en el @EspacioClarin en MDQ.<\/p><\/div>\n                    <\/div><\/div><\/div>\n        <\/div>\n    <\/article><\/div>\n            <div class=\"clearfix\"><\/div>\n        <\/div>\t\t\t\t<\/div>\n\t\t\t\t<\/div>\n\t\t\t\t\t<\/div>\n\t\t<\/div>\n\t\t\t\t\t<\/div>\n\t\t<\/section>\n\t\t\t\t<section class=\"elementor-section elementor-top-section elementor-element elementor-element-80dcf02 elementor-section-boxed elementor-section-height-default elementor-section-height-default\" data-id=\"80dcf02\" data-element_type=\"section\" data-e-type=\"section\">\n\t\t\t\t\t\t<div class=\"elementor-container elementor-column-gap-default\">\n\t\t\t\t\t<div class=\"elementor-column elementor-col-100 elementor-top-column elementor-element elementor-element-35364fb\" data-id=\"35364fb\" data-element_type=\"column\" data-e-type=\"column\">\n\t\t\t<div class=\"elementor-widget-wrap elementor-element-populated\">\n\t\t\t\t\t\t<div class=\"elementor-element elementor-element-a8c8b23 elementor-widget elementor-widget-spacer\" data-id=\"a8c8b23\" data-element_type=\"widget\" data-e-type=\"widget\" data-widget_type=\"spacer.default\">\n\t\t\t\t<div class=\"elementor-widget-container\">\n\t\t\t\t\t\t\t<div class=\"elementor-spacer\">\n\t\t\t<div class=\"elementor-spacer-inner\"><\/div>\n\t\t<\/div>\n\t\t\t\t\t\t<\/div>\n\t\t\t\t<\/div>\n\t\t\t\t\t<\/div>\n\t\t<\/div>\n\t\t\t\t\t<\/div>\n\t\t<\/section>\n\t\t\t\t<\/div>\n\t\t","protected":false},"excerpt":{"rendered":"<p>Esta ciudad balnearia nos encanta.<\/p>\n","protected":false},"author":18,"featured_media":10211,"comment_status":"closed","ping_status":"closed","sticky":false,"template":"","format":"standard","meta":{"footnotes":""},"categories":[114,113],"tags":[],"class_list":["post-10205","post","type-post","status-publish","format-standard","has-post-thumbnail","hentry","category-colores-argentinos","category-inspiracion"],"_links":{"self":[{"href":"https:\/\/pinturaseterna.com.ar\/blanco\/wp-json\/wp\/v2\/posts\/10205","targetHints":{"allow":["GET"]}}],"collection":[{"href":"https:\/\/pinturaseterna.com.ar\/blanco\/wp-json\/wp\/v2\/posts"}],"about":[{"href":"https:\/\/pinturaseterna.com.ar\/blanco\/wp-json\/wp\/v2\/types\/post"}],"author":[{"embeddable":true,"href":"https:\/\/pinturaseterna.com.ar\/blanco\/wp-json\/wp\/v2\/users\/18"}],"replies":[{"embeddable":true,"href":"https:\/\/pinturaseterna.com.ar\/blanco\/wp-json\/wp\/v2\/comments?post=10205"}],"version-history":[{"count":19,"href":"https:\/\/pinturaseterna.com.ar\/blanco\/wp-json\/wp\/v2\/posts\/10205\/revisions"}],"predecessor-version":[{"id":22091,"href":"https:\/\/pinturaseterna.com.ar\/blanco\/wp-json\/wp\/v2\/posts\/10205\/revisions\/22091"}],"wp:featuredmedia":[{"embeddable":true,"href":"https:\/\/pinturaseterna.com.ar\/blanco\/wp-json\/wp\/v2\/media\/10211"}],"wp:attachment":[{"href":"https:\/\/pinturaseterna.com.ar\/blanco\/wp-json\/wp\/v2\/media?parent=10205"}],"wp:term":[{"taxonomy":"category","embeddable":true,"href":"https:\/\/pinturaseterna.com.ar\/blanco\/wp-json\/wp\/v2\/categories?post=10205"},{"taxonomy":"post_tag","embeddable":true,"href":"https:\/\/pinturaseterna.com.ar\/blanco\/wp-json\/wp\/v2\/tags?post=10205"}],"curies":[{"name":"wp","href":"https:\/\/api.w.org\/{rel}","templated":true}]}}